


{"id":60540,"date":"2021-09-14T13:02:34","date_gmt":"2021-09-14T17:02:34","guid":{"rendered":"https:\/\/www.themainemag.com\/?p=60540"},"modified":"2021-10-25T12:53:11","modified_gmt":"2021-10-25T16:53:11","slug":"renewable-relationship-hydro-quebec","status":"publish","type":"post","link":"https:\/\/www.themainemag.com\/renewable-relationship-hydro-quebec\/","title":{"rendered":"Renewable Relationship"},"content":{"rendered":"\n<figure class=\"wp-block-image size-large\"><img loading=\"lazy\" decoding=\"async\" width=\"1024\" height=\"683\" src=\"https:\/\/d3rw5v15h1jwdg.cloudfront.net\/wp-content\/uploads\/2021\/09\/02150549\/photo-hydro-quebec-2021-86-001-1024x683.jpg\" alt=\"Hydro-Qu\u00e9bec CEO Sophie Brochu\" class=\"wp-image-60569\" srcset=\"https:\/\/d3rw5v15h1jwdg.cloudfront.net\/wp-content\/uploads\/2021\/09\/02150549\/photo-hydro-quebec-2021-86-001-1024x683.jpg 1024w, https:\/\/d3rw5v15h1jwdg.cloudfront.net\/wp-content\/uploads\/2021\/09\/02150549\/photo-hydro-quebec-2021-86-001-300x200.jpg 300w, https:\/\/d3rw5v15h1jwdg.cloudfront.net\/wp-content\/uploads\/2021\/09\/02150549\/photo-hydro-quebec-2021-86-001-768x512.jpg 768w, https:\/\/d3rw5v15h1jwdg.cloudfront.net\/wp-content\/uploads\/2021\/09\/02150549\/photo-hydro-quebec-2021-86-001-1536x1024.jpg 1536w, https:\/\/d3rw5v15h1jwdg.cloudfront.net\/wp-content\/uploads\/2021\/09\/02150549\/photo-hydro-quebec-2021-86-001-700x467.jpg 700w, https:\/\/d3rw5v15h1jwdg.cloudfront.net\/wp-content\/uploads\/2021\/09\/02150549\/photo-hydro-quebec-2021-86-001-475x317.jpg 475w, https:\/\/d3rw5v15h1jwdg.cloudfront.net\/wp-content\/uploads\/2021\/09\/02150549\/photo-hydro-quebec-2021-86-001-250x167.jpg 250w, https:\/\/d3rw5v15h1jwdg.cloudfront.net\/wp-content\/uploads\/2021\/09\/02150549\/photo-hydro-quebec-2021-86-001-1050x700.jpg 1050w, https:\/\/d3rw5v15h1jwdg.cloudfront.net\/wp-content\/uploads\/2021\/09\/02150549\/photo-hydro-quebec-2021-86-001-713x475.jpg 713w, https:\/\/d3rw5v15h1jwdg.cloudfront.net\/wp-content\/uploads\/2021\/09\/02150549\/photo-hydro-quebec-2021-86-001-375x250.jpg 375w, https:\/\/d3rw5v15h1jwdg.cloudfront.net\/wp-content\/uploads\/2021\/09\/02150549\/photo-hydro-quebec-2021-86-001-301x201.jpg 301w, https:\/\/d3rw5v15h1jwdg.cloudfront.net\/wp-content\/uploads\/2021\/09\/02150549\/photo-hydro-quebec-2021-86-001-600x400.jpg 600w, https:\/\/d3rw5v15h1jwdg.cloudfront.net\/wp-content\/uploads\/2021\/09\/02150549\/photo-hydro-quebec-2021-86-001.jpg 1920w\" sizes=\"auto, (max-width: 1024px) 100vw, 1024px\" \/><\/figure>\n\n\n\n<div style=\"height:30px\" aria-hidden=\"true\" class=\"wp-block-spacer\"><\/div>\n\n\n\n<p class=\"has-drop-cap\">Hydro-Qu\u00e9bec CEO Sophie Brochu discovered her passion for the economics of energy as a university undergraduate and has spent her career committed to energy innovation and public service. She is equally committed to Maine, where she has spent a portion of every summer until the pandemic. Charismatic, direct, and thoughtful, Brochu is revered as a leader and a mentor to women. She holds a deep love for the state and is committed to broadening the relationship between Maine and Quebec.<\/p>\n\n\n\n<h2 class=\"wp-block-heading\" id=\"h-where-did-you-grow-up-and-how-did-your-upbringing-and-education-impact-your-choice-of-career\">Where did you grow up, and how did your upbringing and education impact your choice of career?<\/h2>\n\n\n\n<p>I grew up in L\u00e9vis, Quebec, about two hours from Jackman, Maine. I was lucky to be raised in a family with very clear values regarding people. Being respectful was important. My mother would have loved for me to wear dresses, but I was a little tomboy. She respected that and didn\u2019t try to change me. At Universit\u00e9 Laval in Quebec City, the last undergrad course I took was on the economics of energy. I fell in love with the topic. The professor talked about the world, including the important issue of how we can responsibly develop resources. This brought me back to the values I had been taught as a child, which also included, \u201cDo what you want, but do something that you\u2019re passionate about.\u201d<\/p>\n\n\n\n<h2 class=\"wp-block-heading\">What have been a few of your most rewarding career experiences?<\/h2>\n\n\n\n<p>In 1987, the summer before graduate school, I was on my way to interview to be a waitress on an excursion boat. I was passing the offices for SOQUIP [Soci\u00e9t\u00e9 Qu\u00e9b\u00e9coise d\u2019Initiatives P\u00e9troli\u00e8res], so I stopped in and asked them if they needed anybody. I never went to the interview. I was at SOQUIP for 10 years and was responsible for developing the natural gas network in the province. There weren\u2019t many women, but it wasn\u2019t striking to me because I had always been among the boys\u2014I didn\u2019t want to be one of them, but I was comfortable there. I moved on to the company that distributes natural gas in Quebec, \u00c9nergir, and became president and CEO in 2007. That was fantastic because I was able to work on projects involving wind and solar in Quebec and in the U.S., notably in Vermont, and with people in both countries who shared the dream. That\u2019s how I got into renewables. In English you say \u201cserendipity,\u201d and I found a lot of it. I define happiness as doing what you like with the people that you like at the place you like.<\/p>\n\n\n\n<blockquote class=\"wp-block-quote is-layout-flow wp-block-quote-is-layout-flow\"><p>&#8220;What I have become and how I view creating a life and way of living\u2014a very large piece of it comes from Maine.&#8221;<\/p><\/blockquote>\n\n\n\n<h2 class=\"wp-block-heading\">You cancelled a long-awaited sabbatical to take the top position at Hydro-Qu\u00e9bec in April 2020. Why?<\/h2>\n\n\n\n<p>The job had been offered to me five years prior, and I declined because I felt committed to \u00c9nergir. In 2020 I had given \u00c9nergir two years notice of my departure. My goal was to take a sabbatical to teach and study. Hydro-Qu\u00e9bec called me in March, at the onset of the pandemic. We didn\u2019t know what was going to happen, but we felt something bad was on the verge of evolving. I thought, like so many others, \u201cWhat can I do to help?\u201d I felt I had to put my shoulder to a bigger wheel than myself.<\/p>\n\n\n\n<h2 class=\"wp-block-heading\">What do you love about Maine, and how do you spend your time when you\u2019re here?<\/h2>\n\n\n\n<p>As long as I can remember I\u2019ve gone to Maine every year. My parents would set aside a few days every summer to bring my brother and me there. I came to dream about Maine, about making sandcastles, eating an ice cream on the wharf, running after my brother. I met my husband when I was 17, and we started to go to Maine together. When I\u2019m there I don\u2019t do much. I might play golf at Webhannet or Cape Arundel Golf Club. When we have the good fortune to rent a place, we buy fish and go to the local market and cook at home. I have insomnia, and when I want to go back to sleep, I imagine myself on an Adirondack chair looking at the ocean in Cape Arundel. There is no place like Maine. It is a paradise.<\/p>\n\n\n\n<h2 class=\"wp-block-heading\">What are your personal goals for the company, and what are your plans for a long-term partnership between Maine and Hydro-Qu\u00e9bec?<\/h2>\n\n\n\n<p>Quebec and Maine share hundreds of years of history, citizenry, trade, and culture, and one of the rewards of being at Hydro-Qu\u00e9bec is being able to craft a relationship between our two societies. We\u2019re going to be working together on a project that creates jobs, brings in high-speed broadband to places in Maine and Qu\u00e9bec that don\u2019t have it, and establishes a framework for clean energy transition, including charging stations for electric cars. A dream I have is that those relationships will develop into other spheres, such as science and culture for example. In many areas we have so much to share.<\/p>\n\n\n\n<h2 class=\"wp-block-heading\">What is something that no one knows about you, but you wish they did?<\/h2>\n\n\n\n<p>Perhaps that the four year-old girl, sitting on a beach in Wells, helped shape who I am today. What I have become and how I view creating a life and a way of living\u2014a very large piece of that comes from Maine.<\/p>\n\n\n\n<figure class=\"wp-block-image size-large is-resized\"><img loading=\"lazy\" decoding=\"async\" src=\"https:\/\/d3rw5v15h1jwdg.cloudfront.net\/wp-content\/uploads\/2021\/09\/02150606\/photo-hydro-quebec-2021-86-002-683x1024.jpg\" alt=\"Hydro-Qu\u00e9bec CEO Sophie Brochu\" class=\"wp-image-60570\" width=\"840\" height=\"1261\" srcset=\"https:\/\/d3rw5v15h1jwdg.cloudfront.net\/wp-content\/uploads\/2021\/09\/02150606\/photo-hydro-quebec-2021-86-002-683x1024.jpg 683w, https:\/\/d3rw5v15h1jwdg.cloudfront.net\/wp-content\/uploads\/2021\/09\/02150606\/photo-hydro-quebec-2021-86-002-200x300.jpg 200w, https:\/\/d3rw5v15h1jwdg.cloudfront.net\/wp-content\/uploads\/2021\/09\/02150606\/photo-hydro-quebec-2021-86-002-768x1152.jpg 768w, https:\/\/d3rw5v15h1jwdg.cloudfront.net\/wp-content\/uploads\/2021\/09\/02150606\/photo-hydro-quebec-2021-86-002-1024x1536.jpg 1024w, https:\/\/d3rw5v15h1jwdg.cloudfront.net\/wp-content\/uploads\/2021\/09\/02150606\/photo-hydro-quebec-2021-86-002-700x1050.jpg 700w, https:\/\/d3rw5v15h1jwdg.cloudfront.net\/wp-content\/uploads\/2021\/09\/02150606\/photo-hydro-quebec-2021-86-002-475x713.jpg 475w, https:\/\/d3rw5v15h1jwdg.cloudfront.net\/wp-content\/uploads\/2021\/09\/02150606\/photo-hydro-quebec-2021-86-002-250x375.jpg 250w, https:\/\/d3rw5v15h1jwdg.cloudfront.net\/wp-content\/uploads\/2021\/09\/02150606\/photo-hydro-quebec-2021-86-002-467x700.jpg 467w, https:\/\/d3rw5v15h1jwdg.cloudfront.net\/wp-content\/uploads\/2021\/09\/02150606\/photo-hydro-quebec-2021-86-002-317x475.jpg 317w, https:\/\/d3rw5v15h1jwdg.cloudfront.net\/wp-content\/uploads\/2021\/09\/02150606\/photo-hydro-quebec-2021-86-002-167x250.jpg 167w, https:\/\/d3rw5v15h1jwdg.cloudfront.net\/wp-content\/uploads\/2021\/09\/02150606\/photo-hydro-quebec-2021-86-002-301x452.jpg 301w, https:\/\/d3rw5v15h1jwdg.cloudfront.net\/wp-content\/uploads\/2021\/09\/02150606\/photo-hydro-quebec-2021-86-002-600x900.jpg 600w, https:\/\/d3rw5v15h1jwdg.cloudfront.net\/wp-content\/uploads\/2021\/09\/02150606\/photo-hydro-quebec-2021-86-002.jpg 1280w\" sizes=\"auto, (max-width: 840px) 100vw, 840px\" \/><\/figure>\n\n\n\n<p><br>Learn more about Hydro-Qu\u00e9bec at <a href=\"https:\/\/www.hydroquebec.com\/residentiel\/\" target=\"_blank\" rel=\"noreferrer noopener\">hydroquebec.com<\/a>.<\/p>\n","protected":false},"excerpt":{"rendered":"<p>Hydro-Qu\u00e9bec CEO Sophie Brochu discovered her passion for the economics of energy as a university undergraduate and has spent her career committed to energy innovation and public service. She is equally committed to Maine, where she has spent a portion<\/p>\n","protected":false},"author":22,"featured_media":60569,"comment_status":"open","ping_status":"open","sticky":false,"template":"","format":"standard","meta":{"footnotes":""},"categories":[2833],"tags":[],"locations":[],"people":[],"class_list":["post-60540","post","type-post","status-publish","format-standard","has-post-thumbnail","hentry","category-sponsored-content"],"acf":[],"yoast_head":"<!-- This site is optimized with the Yoast SEO Premium plugin v15.9 - https:\/\/yoast.com\/wordpress\/plugins\/seo\/ -->\n<meta name=\"description\" content=\"What I have become and how I view creating a life and a way of living\u2014a very large piece of that comes from Maine. -Sophie Brochu, Hydro-Qu\u00e9bec CEO\" \/>\n<meta name=\"robots\" content=\"index, follow, max-snippet:-1, max-image-preview:large, max-video-preview:-1\" \/>\n<link rel=\"canonical\" href=\"https:\/\/www.themainemag.com\/renewable-relationship-hydro-quebec\/\" \/>\n<meta property=\"og:locale\" content=\"en_US\" \/>\n<meta property=\"og:type\" content=\"article\" \/>\n<meta property=\"og:title\" content=\"Renewable Relationship - The Maine Mag\" \/>\n<meta property=\"og:description\" content=\"What I have become and how I view creating a life and a way of living\u2014a very large piece of that comes from Maine. -Sophie Brochu, Hydro-Qu\u00e9bec CEO\" \/>\n<meta property=\"og:url\" content=\"https:\/\/www.themainemag.com\/renewable-relationship-hydro-quebec\/\" \/>\n<meta property=\"og:site_name\" content=\"The Maine Mag\" \/>\n<meta property=\"article:published_time\" content=\"2021-09-14T17:02:34+00:00\" \/>\n<meta property=\"article:modified_time\" content=\"2021-10-25T16:53:11+00:00\" \/>\n<meta property=\"og:image\" content=\"https:\/\/d3rw5v15h1jwdg.cloudfront.net\/wp-content\/uploads\/2021\/09\/02150549\/photo-hydro-quebec-2021-86-001.jpg\" \/>\n\t<meta property=\"og:image:width\" content=\"1920\" \/>\n\t<meta property=\"og:image:height\" content=\"1280\" \/>\n<meta name=\"twitter:card\" content=\"summary\" \/>\n<meta name=\"twitter:label1\" content=\"Est. reading time\">\n\t<meta name=\"twitter:data1\" content=\"5 minutes\">\n<script type=\"application\/ld+json\" class=\"yoast-schema-graph\">{\"@context\":\"https:\/\/schema.org\",\"@graph\":[{\"@type\":\"WebSite\",\"@id\":\"https:\/\/www.themainemag.com\/#website\",\"url\":\"https:\/\/www.themainemag.com\/\",\"name\":\"The Maine Mag\",\"description\":\"\",\"potentialAction\":[{\"@type\":\"SearchAction\",\"target\":\"https:\/\/www.themainemag.com\/?s={search_term_string}\",\"query-input\":\"required name=search_term_string\"}],\"inLanguage\":\"en-US\"},{\"@type\":\"ImageObject\",\"@id\":\"https:\/\/www.themainemag.com\/renewable-relationship-hydro-quebec\/#primaryimage\",\"inLanguage\":\"en-US\",\"url\":\"https:\/\/d3rw5v15h1jwdg.cloudfront.net\/wp-content\/uploads\/2021\/09\/02150549\/photo-hydro-quebec-2021-86-001.jpg\",\"width\":1920,\"height\":1280},{\"@type\":\"WebPage\",\"@id\":\"https:\/\/www.themainemag.com\/renewable-relationship-hydro-quebec\/#webpage\",\"url\":\"https:\/\/www.themainemag.com\/renewable-relationship-hydro-quebec\/\",\"name\":\"Renewable Relationship - The Maine Mag\",\"isPartOf\":{\"@id\":\"https:\/\/www.themainemag.com\/#website\"},\"primaryImageOfPage\":{\"@id\":\"https:\/\/www.themainemag.com\/renewable-relationship-hydro-quebec\/#primaryimage\"},\"datePublished\":\"2021-09-14T17:02:34+00:00\",\"dateModified\":\"2021-10-25T16:53:11+00:00\",\"author\":{\"@id\":\"https:\/\/www.themainemag.com\/#\/schema\/person\/d50c5bc06181b256c8faea91a9a6677a\"},\"description\":\"What I have become and how I view creating a life and a way of living\\u2014a very large piece of that comes from Maine. -Sophie Brochu, Hydro-Qu\\u00e9bec CEO\",\"breadcrumb\":{\"@id\":\"https:\/\/www.themainemag.com\/renewable-relationship-hydro-quebec\/#breadcrumb\"},\"inLanguage\":\"en-US\",\"potentialAction\":[{\"@type\":\"ReadAction\",\"target\":[\"https:\/\/www.themainemag.com\/renewable-relationship-hydro-quebec\/\"]}]},{\"@type\":\"BreadcrumbList\",\"@id\":\"https:\/\/www.themainemag.com\/renewable-relationship-hydro-quebec\/#breadcrumb\",\"itemListElement\":[{\"@type\":\"ListItem\",\"position\":1,\"item\":{\"@type\":\"WebPage\",\"@id\":\"https:\/\/www.themainemag.com\/\",\"url\":\"https:\/\/www.themainemag.com\/\",\"name\":\"Home\"}},{\"@type\":\"ListItem\",\"position\":2,\"item\":{\"@type\":\"WebPage\",\"@id\":\"https:\/\/www.themainemag.com\/renewable-relationship-hydro-quebec\/\",\"url\":\"https:\/\/www.themainemag.com\/renewable-relationship-hydro-quebec\/\",\"name\":\"Renewable Relationship\"}}]},{\"@type\":\"Person\",\"@id\":\"https:\/\/www.themainemag.com\/#\/schema\/person\/d50c5bc06181b256c8faea91a9a6677a\",\"name\":\"Zach Muller\",\"image\":{\"@type\":\"ImageObject\",\"@id\":\"https:\/\/www.themainemag.com\/#personlogo\",\"inLanguage\":\"en-US\",\"url\":\"https:\/\/secure.gravatar.com\/avatar\/5b20349c2274a07e881c87c0519ff8c338d553e278214b046c820c34d918e36a?s=96&d=mm&r=g\",\"caption\":\"Zach Muller\"}}]}<\/script>\n<!-- \/ Yoast SEO Premium plugin. -->","_links":{"self":[{"href":"https:\/\/www.themainemag.com\/wp-json\/wp\/v2\/posts\/60540","targetHints":{"allow":["GET"]}}],"collection":[{"href":"https:\/\/www.themainemag.com\/wp-json\/wp\/v2\/posts"}],"about":[{"href":"https:\/\/www.themainemag.com\/wp-json\/wp\/v2\/types\/post"}],"author":[{"embeddable":true,"href":"https:\/\/www.themainemag.com\/wp-json\/wp\/v2\/users\/22"}],"replies":[{"embeddable":true,"href":"https:\/\/www.themainemag.com\/wp-json\/wp\/v2\/comments?post=60540"}],"version-history":[{"count":0,"href":"https:\/\/www.themainemag.com\/wp-json\/wp\/v2\/posts\/60540\/revisions"}],"wp:featuredmedia":[{"embeddable":true,"href":"https:\/\/www.themainemag.com\/wp-json\/wp\/v2\/media\/60569"}],"wp:attachment":[{"href":"https:\/\/www.themainemag.com\/wp-json\/wp\/v2\/media?parent=60540"}],"wp:term":[{"taxonomy":"category","embeddable":true,"href":"https:\/\/www.themainemag.com\/wp-json\/wp\/v2\/categories?post=60540"},{"taxonomy":"post_tag","embeddable":true,"href":"https:\/\/www.themainemag.com\/wp-json\/wp\/v2\/tags?post=60540"},{"taxonomy":"locations","embeddable":true,"href":"https:\/\/www.themainemag.com\/wp-json\/wp\/v2\/locations?post=60540"},{"taxonomy":"people","embeddable":true,"href":"https:\/\/www.themainemag.com\/wp-json\/wp\/v2\/people?post=60540"}],"curies":[{"name":"wp","href":"https:\/\/api.w.org\/{rel}","templated":true}]}}